{"id":80,"date":"2018-12-20T10:59:02","date_gmt":"2018-12-20T09:59:02","guid":{"rendered":"http:\/\/fase.alp.dillingen.de\/?p=80"},"modified":"2018-12-20T16:54:47","modified_gmt":"2018-12-20T15:54:47","slug":"beauftragte-fur-familien-und-sexualerziehung","status":"publish","type":"post","link":"https:\/\/fase.alp.dillingen.de\/?p=80","title":{"rendered":"Beauftragte f\u00fcr Familien- und Sexualerziehung"},"content":{"rendered":"<p>Sie\/ Er ist erste\/r Ansprechpartner(in) f\u00fcr die gesamte Schulfamilie bei Fragen zur Familien- und Sexualerziehung sowie Interventionsbeauftragter f\u00fcr Verdachtsf\u00e4lle sexueller Gewalt.<\/p>\n<p>Als Beauftragter pflegt sie\/ er den Kontakt zu au\u00dferschulischen Ansprechpartnern, Experten und pr\u00fcft alle Angebote externer Partner und stellt sicher, dass diese im Einklang mit den Richtlinien f\u00fcr die Familien- und Sexualerziehung stehen.<\/p>\n<p>Sie\/ Er unterst\u00fctzt die Lehrkr\u00e4fte bei der Umsetzung der Familien- und Sexualerziehung. Er\u00a0 stimmt mit den Lehrkr\u00e4ften die Angebote zum Auf- und Ausbau personaler sowie sozialer F\u00e4higkeiten und der Medienbildung ab, um die Sch\u00fclerinnen und Sch\u00fcler langfristig gegen sexuelle Gewalt zu st\u00e4rken.<\/p>\n<p>Dar\u00fcber hinaus koordiniert sie\/ er die Planung des Aktionstags f\u00fcr das Leben. Dieser soll nach M\u00f6glichkeit j\u00e4hrlich an den weiterf\u00fchrenden Schulen stattfinden.<\/p>\n<p>Im Verdachtsfall von sexueller Gewalt kennt die\/ der Interventionsbeauftragte(r) die zust\u00e4ndigen Stellen und alle wichtigen Ansprechpartner, damit Betroffene Unterst\u00fctzung bekommen.<\/p>\n","protected":false},"excerpt":{"rendered":"<p>Sie\/ Er ist erste\/r Ansprechpartner(in) f\u00fcr die gesamte Schulfamilie bei Fragen zur Familien- und Sexualerziehung sowie Interventionsbeauftragter f\u00fcr Verdachtsf\u00e4lle sexueller Gewalt. Als Beauftragter pflegt sie\/ er den Kontakt zu au\u00dferschulischen Ansprechpartnern, Experten und pr\u00fcft alle Angebote externer Partner und stellt sicher, dass diese im Einklang mit den Richtlinien f\u00fcr die Familien- und Sexualerziehung stehen. Sie\/ &hellip; <\/p>\n<p class=\"link-more\"><a href=\"https:\/\/fase.alp.dillingen.de\/?p=80\" class=\"more-link\"><span class=\"screen-reader-text\">\u201eBeauftragte f\u00fcr Familien- und Sexualerziehung\u201c <\/span>weiterlesen<\/a><\/p>\n","protected":false},"author":1,"featured_media":0,"comment_status":"closed","ping_status":"closed","sticky":false,"template":"","format":"standard","meta":{"footnotes":""},"categories":[2],"tags":[],"class_list":["post-80","post","type-post","status-publish","format-standard","hentry","category-grundsatze"],"_links":{"self":[{"href":"https:\/\/fase.alp.dillingen.de\/index.php?rest_route=\/wp\/v2\/posts\/80","targetHints":{"allow":["GET"]}}],"collection":[{"href":"https:\/\/fase.alp.dillingen.de\/index.php?rest_route=\/wp\/v2\/posts"}],"about":[{"href":"https:\/\/fase.alp.dillingen.de\/index.php?rest_route=\/wp\/v2\/types\/post"}],"author":[{"embeddable":true,"href":"https:\/\/fase.alp.dillingen.de\/index.php?rest_route=\/wp\/v2\/users\/1"}],"replies":[{"embeddable":true,"href":"https:\/\/fase.alp.dillingen.de\/index.php?rest_route=%2Fwp%2Fv2%2Fcomments&post=80"}],"version-history":[{"count":1,"href":"https:\/\/fase.alp.dillingen.de\/index.php?rest_route=\/wp\/v2\/posts\/80\/revisions"}],"predecessor-version":[{"id":81,"href":"https:\/\/fase.alp.dillingen.de\/index.php?rest_route=\/wp\/v2\/posts\/80\/revisions\/81"}],"wp:attachment":[{"href":"https:\/\/fase.alp.dillingen.de\/index.php?rest_route=%2Fwp%2Fv2%2Fmedia&parent=80"}],"wp:term":[{"taxonomy":"category","embeddable":true,"href":"https:\/\/fase.alp.dillingen.de\/index.php?rest_route=%2Fwp%2Fv2%2Fcategories&post=80"},{"taxonomy":"post_tag","embeddable":true,"href":"https:\/\/fase.alp.dillingen.de\/index.php?rest_route=%2Fwp%2Fv2%2Ftags&post=80"}],"curies":[{"name":"wp","href":"https:\/\/api.w.org\/{rel}","templated":true}]}}