{"id":78,"date":"2018-12-20T09:01:04","date_gmt":"2018-12-20T08:01:04","guid":{"rendered":"http:\/\/fase.alp.dillingen.de\/?p=78"},"modified":"2019-10-02T10:07:50","modified_gmt":"2019-10-02T09:07:50","slug":"problemfeld-sprache","status":"publish","type":"post","link":"https:\/\/fase.alp.dillingen.de\/?p=78","title":{"rendered":"Problemfeld Sprache"},"content":{"rendered":"<h5>Auf welche sprachlichen Merkmale m\u00fcssen Sie bei der Vermittlung achten?<\/h5>\n<p>Die Sprache \u00fcber Sexualit\u00e4t h\u00e4ngt oft von der gegebenen Situation ab. Eltern verwenden im Gespr\u00e4ch mit ihrem Kleinkind h\u00e4ufig verniedlichte Bezeichnungen f\u00fcr die Geschlechtsorgane. Jugendliche grenzen sich unter anderem mithilfe sprachlicher Ausdr\u00fccke von der Erwachsenenwelt ab und bedienen sich der Vulg\u00e4rsprache. Zudem \u00fcbt sexualisiertes Vokabular auf Jugendliche meist einen besonderen Reiz aus. Deshalb ist es zwingend notwendig, dass sich die Sch\u00fclerinnen und Sch\u00fcler zu sexuellen Themen sprachlich angemessen \u00e4u\u00dfern. Dies bedeutet auch, dass die verwendeten Lernmittel in einer wertneutralen, altersad\u00e4quaten und entwicklungsgem\u00e4\u00dfen Fachsprache verfasst sind.<\/p>\n","protected":false},"excerpt":{"rendered":"<p>Auf welche sprachlichen Merkmale m\u00fcssen Sie bei der Vermittlung achten? Die Sprache \u00fcber Sexualit\u00e4t h\u00e4ngt oft von der gegebenen Situation ab. Eltern verwenden im Gespr\u00e4ch mit ihrem Kleinkind h\u00e4ufig verniedlichte Bezeichnungen f\u00fcr die Geschlechtsorgane. Jugendliche grenzen sich unter anderem mithilfe sprachlicher Ausdr\u00fccke von der Erwachsenenwelt ab und bedienen sich der Vulg\u00e4rsprache. Zudem \u00fcbt sexualisiertes Vokabular &hellip; <\/p>\n<p class=\"link-more\"><a href=\"https:\/\/fase.alp.dillingen.de\/?p=78\" class=\"more-link\"><span class=\"screen-reader-text\">\u201eProblemfeld Sprache\u201c <\/span>weiterlesen<\/a><\/p>\n","protected":false},"author":1,"featured_media":0,"comment_status":"closed","ping_status":"closed","sticky":false,"template":"","format":"standard","meta":{"footnotes":""},"categories":[3],"tags":[],"class_list":["post-78","post","type-post","status-publish","format-standard","hentry","category-humanbiologie"],"_links":{"self":[{"href":"https:\/\/fase.alp.dillingen.de\/index.php?rest_route=\/wp\/v2\/posts\/78","targetHints":{"allow":["GET"]}}],"collection":[{"href":"https:\/\/fase.alp.dillingen.de\/index.php?rest_route=\/wp\/v2\/posts"}],"about":[{"href":"https:\/\/fase.alp.dillingen.de\/index.php?rest_route=\/wp\/v2\/types\/post"}],"author":[{"embeddable":true,"href":"https:\/\/fase.alp.dillingen.de\/index.php?rest_route=\/wp\/v2\/users\/1"}],"replies":[{"embeddable":true,"href":"https:\/\/fase.alp.dillingen.de\/index.php?rest_route=%2Fwp%2Fv2%2Fcomments&post=78"}],"version-history":[{"count":2,"href":"https:\/\/fase.alp.dillingen.de\/index.php?rest_route=\/wp\/v2\/posts\/78\/revisions"}],"predecessor-version":[{"id":144,"href":"https:\/\/fase.alp.dillingen.de\/index.php?rest_route=\/wp\/v2\/posts\/78\/revisions\/144"}],"wp:attachment":[{"href":"https:\/\/fase.alp.dillingen.de\/index.php?rest_route=%2Fwp%2Fv2%2Fmedia&parent=78"}],"wp:term":[{"taxonomy":"category","embeddable":true,"href":"https:\/\/fase.alp.dillingen.de\/index.php?rest_route=%2Fwp%2Fv2%2Fcategories&post=78"},{"taxonomy":"post_tag","embeddable":true,"href":"https:\/\/fase.alp.dillingen.de\/index.php?rest_route=%2Fwp%2Fv2%2Ftags&post=78"}],"curies":[{"name":"wp","href":"https:\/\/api.w.org\/{rel}","templated":true}]}}