{"id":130,"date":"2019-07-15T12:03:01","date_gmt":"2019-07-15T11:03:01","guid":{"rendered":"http:\/\/fase.alp.dillingen.de\/?p=130"},"modified":"2019-08-24T13:25:10","modified_gmt":"2019-08-24T12:25:10","slug":"ueber-familien-und-sexualerziehung-interview-mit-frau-prof-dr-karla-etschenberg","status":"publish","type":"post","link":"https:\/\/fase.alp.dillingen.de\/?p=130","title":{"rendered":"\u00dcber Familien- und Sexualerziehung &#8211; Interview mit Frau Prof. Dr. Karla Etschenberg"},"content":{"rendered":"<p><iframe style=\"border: 0px; width: 852px; height: 480px;\" src=\"https:\/\/alp.cloud.streamworld.de\/embedded\/3b02beb0-c2f3-43fd-a36e-318f79919d6c\" allowfullscreen=\"allowfullscreen\"><\/iframe><br \/>\nFrau Prof. Dr. Karla Etschenberg hat nach ihrer Ausbildung zur Diplom-P\u00e4dagogin und Lehrerin an Grund- und Hauptschule im Fach Biologie promoviert und sich in Didaktik der Biologie habilitiert. Nach einiger Zeit im Schuldienst war sie wissenschaftliche Assistentin an der Universit\u00e4t zu K\u00f6ln, Referentin im Bundesministerium f\u00fcr Gesundheit und anschlie\u00dfend Professorin an der Erziehungswissenschaftlichen Fakult\u00e4t der Universit\u00e4t zu Kiel (1991) und schlie\u00dflich an der Universit\u00e4t Flensburg.<\/p>\n<p>Als Expertin unterst\u00fctzt sie mit ihrem fachlichen Input die Online-Fortbildungen zum Thema &#8222;Familien- und Sexualerziehung&#8220; der Akademie f\u00fcr Lehrerfortbildung und Personalf\u00fchrung in Dillingen (ALP) in Zusammenarbeit mit dem Staatsinstitut f\u00fcr Schulqualit\u00e4t und Bildungsforschung in M\u00fcnchen (ISB) und des Bayerischen Kultusministeriums: [<a href=\"https:\/\/alp.dillingen.de\/lehrgangs-suche\/?ext_id=31162\" target=\"_blank\" rel=\"noopener\">Link zum Angebot<\/a>]<\/p>\n","protected":false},"excerpt":{"rendered":"<p>Frau Prof. Dr. Karla Etschenberg hat nach ihrer Ausbildung zur Diplom-P\u00e4dagogin und Lehrerin an Grund- und Hauptschule im Fach Biologie promoviert und sich in Didaktik der Biologie habilitiert. Nach einiger Zeit im Schuldienst war sie wissenschaftliche Assistentin an der Universit\u00e4t zu K\u00f6ln, Referentin im Bundesministerium f\u00fcr Gesundheit und anschlie\u00dfend Professorin an der Erziehungswissenschaftlichen Fakult\u00e4t der &hellip; <\/p>\n<p class=\"link-more\"><a href=\"https:\/\/fase.alp.dillingen.de\/?p=130\" class=\"more-link\"><span class=\"screen-reader-text\">\u201e\u00dcber Familien- und Sexualerziehung &#8211; Interview mit Frau Prof. Dr. Karla Etschenberg\u201c <\/span>weiterlesen<\/a><\/p>\n","protected":false},"author":1,"featured_media":0,"comment_status":"closed","ping_status":"closed","sticky":false,"template":"","format":"standard","meta":{"footnotes":""},"categories":[9],"tags":[],"class_list":["post-130","post","type-post","status-publish","format-standard","hentry","category-allgemein"],"_links":{"self":[{"href":"https:\/\/fase.alp.dillingen.de\/index.php?rest_route=\/wp\/v2\/posts\/130","targetHints":{"allow":["GET"]}}],"collection":[{"href":"https:\/\/fase.alp.dillingen.de\/index.php?rest_route=\/wp\/v2\/posts"}],"about":[{"href":"https:\/\/fase.alp.dillingen.de\/index.php?rest_route=\/wp\/v2\/types\/post"}],"author":[{"embeddable":true,"href":"https:\/\/fase.alp.dillingen.de\/index.php?rest_route=\/wp\/v2\/users\/1"}],"replies":[{"embeddable":true,"href":"https:\/\/fase.alp.dillingen.de\/index.php?rest_route=%2Fwp%2Fv2%2Fcomments&post=130"}],"version-history":[{"count":3,"href":"https:\/\/fase.alp.dillingen.de\/index.php?rest_route=\/wp\/v2\/posts\/130\/revisions"}],"predecessor-version":[{"id":140,"href":"https:\/\/fase.alp.dillingen.de\/index.php?rest_route=\/wp\/v2\/posts\/130\/revisions\/140"}],"wp:attachment":[{"href":"https:\/\/fase.alp.dillingen.de\/index.php?rest_route=%2Fwp%2Fv2%2Fmedia&parent=130"}],"wp:term":[{"taxonomy":"category","embeddable":true,"href":"https:\/\/fase.alp.dillingen.de\/index.php?rest_route=%2Fwp%2Fv2%2Fcategories&post=130"},{"taxonomy":"post_tag","embeddable":true,"href":"https:\/\/fase.alp.dillingen.de\/index.php?rest_route=%2Fwp%2Fv2%2Ftags&post=130"}],"curies":[{"name":"wp","href":"https:\/\/api.w.org\/{rel}","templated":true}]}}